{"id":14637,"date":"2024-08-27T09:31:25","date_gmt":"2024-08-27T12:31:25","guid":{"rendered":"https:\/\/scharfstein.cl\/?p=14637"},"modified":"2026-03-14T18:18:37","modified_gmt":"2026-03-14T18:18:37","slug":"como-elegir-la-camara-de-videoconferencia-ideal","status":"publish","type":"post","link":"https:\/\/scharfstein.cl\/en\/como-elegir-la-camara-de-videoconferencia-ideal\/","title":{"rendered":"C\u00f3mo elegir la c\u00e1mara de videoconferencia ideal"},"content":{"rendered":"<p><span style=\"font-size: revert; color: initial; font-family: -apple-system, BlinkMacSystemFont, 'Segoe UI', Roboto, 'Helvetica Neue', Arial, 'Noto Sans', sans-serif, 'Apple Color Emoji', 'Segoe UI Emoji', 'Segoe UI Symbol', 'Noto Color Emoji';\">Las videoconferencias se han convertido en una herramienta esencial para la comunicaci\u00f3n empresarial. Ya sea para reuniones internas, sesiones con clientes o colaboraciones internacionales, contar con la tecnolog\u00eda adecuada es fundamental para garantizar una experiencia fluida y efectiva. Uno de los elementos clave para el \u00e9xito de cualquier videoconferencia es la c\u00e1mara. Sin embargo, no todas las c\u00e1maras son iguales, y su elecci\u00f3n debe estar alineada con el tama\u00f1o de la sala de reuniones en la que se utilizar\u00e1. En este art\u00edculo, exploraremos c\u00f3mo seleccionar la <\/span><b style=\"font-size: revert; color: initial; font-family: -apple-system, BlinkMacSystemFont, 'Segoe UI', Roboto, 'Helvetica Neue', Arial, 'Noto Sans', sans-serif, 'Apple Color Emoji', 'Segoe UI Emoji', 'Segoe UI Symbol', 'Noto Color Emoji';\">c\u00e1mara de videoconferencia ideal<\/b><span style=\"font-size: revert; color: initial; font-family: -apple-system, BlinkMacSystemFont, 'Segoe UI', Roboto, 'Helvetica Neue', Arial, 'Noto Sans', sans-serif, 'Apple Color Emoji', 'Segoe UI Emoji', 'Segoe UI Symbol', 'Noto Color Emoji';\"> seg\u00fan el tama\u00f1o de tu sala, optimizando la configuraci\u00f3n para cada espacio.<\/span><\/p>\n<h2><strong>1. Salas peque\u00f1as: La importancia de la proximidad y el \u00e1ngulo de visi\u00f3n<\/strong><\/h2>\n<p>Las salas peque\u00f1as, tambi\u00e9n conocidas como <i>huddle rooms<\/i>, est\u00e1n dise\u00f1adas para albergar entre 2 y 6 personas. Dado su tama\u00f1o reducido, es esencial que la<b> c\u00e1mara de videoconferencia<\/b> pueda capturar a todos los participantes sin necesidad de reubicarse constantemente.<\/p>\n<h3>Consideraciones para c\u00e1mara de videoconferencia en salas peque\u00f1as:<\/h3>\n<ul>\n<li style=\"font-weight: 400;\" aria-level=\"1\"><b>\u00c1ngulo de visi\u00f3n amplio:<\/b> Para capturar a todos los participantes sentados en una mesa peque\u00f1a, es recomendable optar por c\u00e1maras con un \u00e1ngulo de visi\u00f3n amplio (al menos 120\u00b0). Esto garantiza que todos los asistentes est\u00e9n en cuadro sin necesidad de un reposicionamiento constante.<\/li>\n<li style=\"font-weight: 400;\" aria-level=\"1\"><b>Resoluci\u00f3n:<\/b> Aunque la resoluci\u00f3n no necesita ser 4K, una <b>c\u00e1mara de videoconferencia <\/b>Full HD (1080p) es m\u00e1s que suficiente para ofrecer claridad en las im\u00e1genes y evitar distracciones causadas por una baja calidad de video.<\/li>\n<li style=\"font-weight: 400;\" aria-level=\"1\"><b>Micr\u00f3fonos integrados:<\/b> En un espacio peque\u00f1o, los micr\u00f3fonos integrados en la c\u00e1mara pueden ser m\u00e1s que suficientes para capturar el audio con claridad. Aseg\u00farate de que la c\u00e1mara tenga un sistema de reducci\u00f3n de ruido para evitar capturar sonidos no deseados.<\/li>\n<\/ul>\n<h2><strong>2. Salas medianas: Balance entre cobertura y calidad<\/strong><\/h2>\n<p>Las salas medianas suelen tener capacidad para entre 6 y 12 personas. Aqu\u00ed, la<b> c\u00e1mara de videoconferencia <\/b>necesita un equilibrio entre un buen \u00e1ngulo de visi\u00f3n y una mayor capacidad de enfoque y zoom, dado que los participantes pueden estar distribuidos a diferentes distancias de la c\u00e1mara.<\/p>\n<h3>Consideraciones para c\u00e1mara de videoconferencia en salas medianas:<\/h3>\n<ul>\n<li style=\"font-weight: 400;\" aria-level=\"1\"><b>Capacidad de zoom \u00f3ptico:<\/b> Una <b>c\u00e1mara de videoconferencia <\/b>con zoom \u00f3ptico permitir\u00e1 ajustar la toma sin perder calidad de imagen. Esto es especialmente \u00fatil cuando se necesita enfocar en un presentador o en una pizarra durante la reuni\u00f3n.<\/li>\n<li style=\"font-weight: 400;\" aria-level=\"1\"><b>Calidad de video:<\/b> En este tipo de salas, se recomienda una c\u00e1mara con resoluci\u00f3n 4K. Aunque las reuniones se transmitan en una calidad inferior, tener una fuente de alta calidad permite un mejor procesamiento y escalado de la imagen.<\/li>\n<li style=\"font-weight: 400;\" aria-level=\"1\"><b>Micr\u00f3fonos y altavoces externos:<\/b> Dependiendo de la ac\u00fastica de la sala, podr\u00eda ser necesario complementar la <b>c\u00e1mara de videoconferencia <\/b>con micr\u00f3fonos externos para asegurar que todas las voces se capten con claridad. Tambi\u00e9n, los altavoces externos de buena calidad son cruciales para que todos los participantes escuchen claramente.<\/li>\n<\/ul>\n<h2><strong>3. Salas grandes: M\u00e1xima cobertura y control avanzado<\/strong><\/h2>\n<p>Las salas grandes, que pueden albergar a m\u00e1s de 12 personas, presentan el mayor desaf\u00edo en t\u00e9rminos de videoconferencias. Aqu\u00ed, la c\u00e1mara debe poder cubrir un espacio amplio, a menudo con m\u00faltiples puntos de enfoque, y manejar de manera eficiente la captura de audio.<\/p>\n<h3>Consideraciones para c\u00e1mara de videoconferencia en salas grandes:<\/h3>\n<ul>\n<li style=\"font-weight: 400;\" aria-level=\"1\"><b>C\u00e1maras PTZ (Pan, Tilt, Zoom):<\/b> Las c\u00e1maras PTZ ofrecen un control completo sobre el encuadre. Puedes ajustar la c\u00e1mara para que se mueva horizontal y verticalmente, y hacer zoom sin perder calidad. Esto permite enfocar diferentes partes de la sala seg\u00fan sea necesario, como en una presentaci\u00f3n o durante un debate.<\/li>\n<li style=\"font-weight: 400;\" aria-level=\"1\"><b>Resoluci\u00f3n ultra alta:<\/b> En este tipo de entornos, una <b>c\u00e1mara de videoconferencia <\/b>4K o superior es esencial para mantener la claridad y los detalles, especialmente cuando se hace zoom o se mueve la c\u00e1mara.<\/li>\n<li style=\"font-weight: 400;\" aria-level=\"1\"><b>Sistemas de micr\u00f3fonos y altavoces distribuidos:<\/b> Dado el tama\u00f1o de la sala, es probable que sea necesario instalar varios micr\u00f3fonos y altavoces distribuidos estrat\u00e9gicamente. Los sistemas de micr\u00f3fonos de techo o de sobremesa, combinados con una buena configuraci\u00f3n de altavoces, garantizar\u00e1n que todos los participantes se escuchen claramente, sin importar su ubicaci\u00f3n en la sala.<\/li>\n<li style=\"font-weight: 400;\" aria-level=\"1\"><b>Integraci\u00f3n con sistemas AV:<\/b> En salas grandes, la c\u00e1mara suele ser parte de un sistema audiovisual m\u00e1s complejo, que puede incluir pantallas m\u00faltiples, proyectores y sistemas de control centralizados. Aseg\u00farate de que la c\u00e1mara seleccionada sea compatible con estos sistemas para una integraci\u00f3n perfecta.<\/li>\n<\/ul>\n<p>Elegir la c\u00e1mara de <b><a href=\"https:\/\/scharfstein.cl\/en\/productos-aver\/\">videoconferencia <\/a><\/b>adecuada seg\u00fan el tama\u00f1o de tu sala de reuniones es crucial para garantizar una <a href=\"https:\/\/scharfstein.cl\/en\/comunicaciones\/\"><b>comunicaci\u00f3n <\/b><\/a>efectiva y profesional. Desde salas peque\u00f1as que requieren simplicidad y funcionalidad, hasta salas grandes que demandan tecnolog\u00eda avanzada y control, la selecci\u00f3n de la <b>c\u00e1mara de videoconferencia <\/b>correcta puede marcar la diferencia entre una reuni\u00f3n exitosa y una llena de complicaciones t\u00e9cnicas.<\/p>\n<p>Aseg\u00farate de evaluar las necesidades espec\u00edficas de tu espacio antes de tomar una decisi\u00f3n, y no dudes en consultar con expertos en soluciones de videoconferencia para encontrar la mejor opci\u00f3n que se adapte a tus requerimientos. \u00a1Optimiza tu sala de reuniones y lleva tus videoconferencias al siguiente nivel!<\/p>","protected":false},"excerpt":{"rendered":"<p>Las videoconferencias se han convertido en una herramienta esencial para la comunicaci\u00f3n empresarial. Ya sea para reuniones internas, sesiones con clientes o colaboraciones internacionales, contar con la tecnolog\u00eda adecuada es fundamental para garantizar una experiencia fluida y efectiva.<\/p>","protected":false},"author":1,"featured_media":14639,"comment_status":"closed","ping_status":"closed","sticky":false,"template":"","format":"standard","meta":{"footnotes":""},"categories":[183],"tags":[],"class_list":["post-14637","post","type-post","status-publish","format-standard","has-post-thumbnail","hentry","category-conectividad"],"yoast_head":"<!-- This site is optimized with the Yoast SEO plugin v27.5 - https:\/\/yoast.com\/product\/yoast-seo-wordpress\/ -->\n<title>C\u00f3mo elegir la c\u00e1mara de videoconferencia ideal | Scharfstein<\/title>\n<meta name=\"description\" content=\"Las videoconferencias se han convertido en una herramienta esencial para la comunicaci\u00f3n empresarial. Ya sea para reuniones internas, sesiones con clientes o colaboraciones internacionales, contar con la tecnolog\u00eda adecuada es fundamental para garantizar una experiencia fluida y efectiva.\" \/>\n<meta name=\"robots\" content=\"index, follow, max-snippet:-1, max-image-preview:large, max-video-preview:-1\" \/>\n<link rel=\"canonical\" href=\"https:\/\/smartki.cl\/blog\/acceso\/por-que-gestionar-y-controlar-el-flujo-de-personas-es-clave-para-la-seguridad\/\" \/>\n<meta name=\"twitter:card\" content=\"summary_large_image\" \/>\n<meta name=\"twitter:title\" content=\"C\u00f3mo elegir la c\u00e1mara de videoconferencia ideal | Scharfstein\" \/>\n<meta name=\"twitter:description\" content=\"Las videoconferencias se han convertido en una herramienta esencial para la comunicaci\u00f3n empresarial. Ya sea para reuniones internas, sesiones con clientes o colaboraciones internacionales, contar con la tecnolog\u00eda adecuada es fundamental para garantizar una experiencia fluida y efectiva.\" \/>\n<meta name=\"twitter:image\" content=\"https:\/\/scharfstein.cl\/wp-content\/uploads\/2024\/08\/elegir-camara-portada-articulo.jpg\" \/>\n<meta name=\"twitter:label1\" content=\"Written by\" \/>\n\t<meta name=\"twitter:data1\" content=\"admin\" \/>\n\t<meta name=\"twitter:label2\" content=\"Est. reading time\" \/>\n\t<meta name=\"twitter:data2\" content=\"4 minutes\" \/>\n<!-- \/ Yoast SEO plugin. -->","yoast_head_json":{"title":"C\u00f3mo elegir la c\u00e1mara de videoconferencia ideal | Scharfstein","description":"Las videoconferencias se han convertido en una herramienta esencial para la comunicaci\u00f3n empresarial. Ya sea para reuniones internas, sesiones con clientes o colaboraciones internacionales, contar con la tecnolog\u00eda adecuada es fundamental para garantizar una experiencia fluida y efectiva.","robots":{"index":"index","follow":"follow","max-snippet":"max-snippet:-1","max-image-preview":"max-image-preview:large","max-video-preview":"max-video-preview:-1"},"canonical":"https:\/\/smartki.cl\/blog\/acceso\/por-que-gestionar-y-controlar-el-flujo-de-personas-es-clave-para-la-seguridad\/","twitter_card":"summary_large_image","twitter_title":"C\u00f3mo elegir la c\u00e1mara de videoconferencia ideal | Scharfstein","twitter_description":"Las videoconferencias se han convertido en una herramienta esencial para la comunicaci\u00f3n empresarial. Ya sea para reuniones internas, sesiones con clientes o colaboraciones internacionales, contar con la tecnolog\u00eda adecuada es fundamental para garantizar una experiencia fluida y efectiva.","twitter_image":"https:\/\/scharfstein.cl\/wp-content\/uploads\/2024\/08\/elegir-camara-portada-articulo.jpg","twitter_misc":{"Written by":"admin","Est. reading time":"4 minutes"},"schema":{"@context":"https:\/\/schema.org","@graph":[{"@type":"Article","@id":"https:\/\/smartki.cl\/blog\/acceso\/por-que-gestionar-y-controlar-el-flujo-de-personas-es-clave-para-la-seguridad\/#article","isPartOf":{"@id":"https:\/\/scharfstein.cl\/como-elegir-la-camara-de-videoconferencia-ideal\/"},"author":{"name":"admin","@id":"https:\/\/scharfstein.cl\/#\/schema\/person\/9bf47521800d274764b5b6fa657e6c20"},"headline":"C\u00f3mo elegir la c\u00e1mara de videoconferencia ideal","datePublished":"2024-08-27T12:31:25+00:00","dateModified":"2026-03-14T18:18:37+00:00","mainEntityOfPage":{"@id":"https:\/\/scharfstein.cl\/como-elegir-la-camara-de-videoconferencia-ideal\/"},"wordCount":922,"publisher":{"@id":"https:\/\/scharfstein.cl\/#organization"},"image":{"@id":"https:\/\/smartki.cl\/blog\/acceso\/por-que-gestionar-y-controlar-el-flujo-de-personas-es-clave-para-la-seguridad\/#primaryimage"},"thumbnailUrl":"https:\/\/scharfstein.cl\/wp-content\/uploads\/2024\/08\/elegir-camara-Articulos.jpg","articleSection":["Conectividad"],"inLanguage":"en-US"},{"@type":"WebPage","@id":"https:\/\/scharfstein.cl\/como-elegir-la-camara-de-videoconferencia-ideal\/","url":"https:\/\/smartki.cl\/blog\/acceso\/por-que-gestionar-y-controlar-el-flujo-de-personas-es-clave-para-la-seguridad\/","name":"C\u00f3mo elegir la c\u00e1mara de videoconferencia ideal | Scharfstein","isPartOf":{"@id":"https:\/\/scharfstein.cl\/#website"},"primaryImageOfPage":{"@id":"https:\/\/smartki.cl\/blog\/acceso\/por-que-gestionar-y-controlar-el-flujo-de-personas-es-clave-para-la-seguridad\/#primaryimage"},"image":{"@id":"https:\/\/smartki.cl\/blog\/acceso\/por-que-gestionar-y-controlar-el-flujo-de-personas-es-clave-para-la-seguridad\/#primaryimage"},"thumbnailUrl":"https:\/\/scharfstein.cl\/wp-content\/uploads\/2024\/08\/elegir-camara-Articulos.jpg","datePublished":"2024-08-27T12:31:25+00:00","dateModified":"2026-03-14T18:18:37+00:00","description":"Las videoconferencias se han convertido en una herramienta esencial para la comunicaci\u00f3n empresarial. Ya sea para reuniones internas, sesiones con clientes o colaboraciones internacionales, contar con la tecnolog\u00eda adecuada es fundamental para garantizar una experiencia fluida y efectiva.","breadcrumb":{"@id":"https:\/\/smartki.cl\/blog\/acceso\/por-que-gestionar-y-controlar-el-flujo-de-personas-es-clave-para-la-seguridad\/#breadcrumb"},"inLanguage":"en-US","potentialAction":[{"@type":"ReadAction","target":["https:\/\/smartki.cl\/blog\/acceso\/por-que-gestionar-y-controlar-el-flujo-de-personas-es-clave-para-la-seguridad\/"]}]},{"@type":"ImageObject","inLanguage":"en-US","@id":"https:\/\/smartki.cl\/blog\/acceso\/por-que-gestionar-y-controlar-el-flujo-de-personas-es-clave-para-la-seguridad\/#primaryimage","url":"https:\/\/scharfstein.cl\/wp-content\/uploads\/2024\/08\/elegir-camara-Articulos.jpg","contentUrl":"https:\/\/scharfstein.cl\/wp-content\/uploads\/2024\/08\/elegir-camara-Articulos.jpg","width":503,"height":479},{"@type":"BreadcrumbList","@id":"https:\/\/smartki.cl\/blog\/acceso\/por-que-gestionar-y-controlar-el-flujo-de-personas-es-clave-para-la-seguridad\/#breadcrumb","itemListElement":[{"@type":"ListItem","position":1,"name":"Scharfstein","item":"https:\/\/scharfstein.cl\/"},{"@type":"ListItem","position":2,"name":"C\u00f3mo elegir la c\u00e1mara de videoconferencia ideal"}]},{"@type":"WebSite","@id":"https:\/\/scharfstein.cl\/#website","url":"https:\/\/scharfstein.cl\/","name":"Scharfstein","description":"Scharfstein S.A Chile: Hacemos f\u00e1cil la vida a trav\u00e9s de la tecnolog\u00eda. Fono: (+56 2) 2550 0000. Estacionamiento, Seguridad y Comunicaciones","publisher":{"@id":"https:\/\/scharfstein.cl\/#organization"},"alternateName":"Scharfstein","potentialAction":[{"@type":"SearchAction","target":{"@type":"EntryPoint","urlTemplate":"https:\/\/scharfstein.cl\/?s={search_term_string}"},"query-input":{"@type":"PropertyValueSpecification","valueRequired":true,"valueName":"search_term_string"}}],"inLanguage":"en-US"},{"@type":"Organization","@id":"https:\/\/scharfstein.cl\/#organization","name":"Scharfstein","alternateName":"Scharfstein","url":"https:\/\/scharfstein.cl\/","logo":{"@type":"ImageObject","inLanguage":"en-US","@id":"https:\/\/scharfstein.cl\/#\/schema\/logo\/image\/","url":"https:\/\/scharfstein.cl\/wp-content\/uploads\/2025\/08\/logo-scharfstein-para-form.png","contentUrl":"https:\/\/scharfstein.cl\/wp-content\/uploads\/2025\/08\/logo-scharfstein-para-form.png","width":200,"height":60,"caption":"Scharfstein"},"image":{"@id":"https:\/\/scharfstein.cl\/#\/schema\/logo\/image\/"},"sameAs":["https:\/\/www.linkedin.com\/company\/scharfstein-sa\/"]},{"@type":"Person","@id":"https:\/\/scharfstein.cl\/#\/schema\/person\/9bf47521800d274764b5b6fa657e6c20","name":"admin","image":{"@type":"ImageObject","inLanguage":"en-US","@id":"https:\/\/secure.gravatar.com\/avatar\/66c9fb5989f98a9fe43308593a3bb67f8a7f307e32cc95b76e5e1a5941ef1ba8?s=96&d=mm&r=g","url":"https:\/\/secure.gravatar.com\/avatar\/66c9fb5989f98a9fe43308593a3bb67f8a7f307e32cc95b76e5e1a5941ef1ba8?s=96&d=mm&r=g","contentUrl":"https:\/\/secure.gravatar.com\/avatar\/66c9fb5989f98a9fe43308593a3bb67f8a7f307e32cc95b76e5e1a5941ef1ba8?s=96&d=mm&r=g","caption":"admin"},"sameAs":["https:\/\/scharfstein.cl"]}]}},"_links":{"self":[{"href":"https:\/\/scharfstein.cl\/en\/wp-json\/wp\/v2\/posts\/14637","targetHints":{"allow":["GET"]}}],"collection":[{"href":"https:\/\/scharfstein.cl\/en\/wp-json\/wp\/v2\/posts"}],"about":[{"href":"https:\/\/scharfstein.cl\/en\/wp-json\/wp\/v2\/types\/post"}],"author":[{"embeddable":true,"href":"https:\/\/scharfstein.cl\/en\/wp-json\/wp\/v2\/users\/1"}],"replies":[{"embeddable":true,"href":"https:\/\/scharfstein.cl\/en\/wp-json\/wp\/v2\/comments?post=14637"}],"version-history":[{"count":2,"href":"https:\/\/scharfstein.cl\/en\/wp-json\/wp\/v2\/posts\/14637\/revisions"}],"predecessor-version":[{"id":14949,"href":"https:\/\/scharfstein.cl\/en\/wp-json\/wp\/v2\/posts\/14637\/revisions\/14949"}],"wp:featuredmedia":[{"embeddable":true,"href":"https:\/\/scharfstein.cl\/en\/wp-json\/wp\/v2\/media\/14639"}],"wp:attachment":[{"href":"https:\/\/scharfstein.cl\/en\/wp-json\/wp\/v2\/media?parent=14637"}],"wp:term":[{"taxonomy":"category","embeddable":true,"href":"https:\/\/scharfstein.cl\/en\/wp-json\/wp\/v2\/categories?post=14637"},{"taxonomy":"post_tag","embeddable":true,"href":"https:\/\/scharfstein.cl\/en\/wp-json\/wp\/v2\/tags?post=14637"}],"curies":[{"name":"wp","href":"https:\/\/api.w.org\/{rel}","templated":true}]}}