{"id":13488,"date":"2023-11-23T10:15:46","date_gmt":"2023-11-23T13:15:46","guid":{"rendered":"https:\/\/scharfstein.cl\/?p=13488"},"modified":"2026-03-14T18:29:42","modified_gmt":"2026-03-14T18:29:42","slug":"navegando-por-la-red-la-trascendencia-del-cableado-estructurado-en-la-era-digital","status":"publish","type":"post","link":"https:\/\/scharfstein.cl\/en\/navegando-por-la-red-la-trascendencia-del-cableado-estructurado-en-la-era-digital\/","title":{"rendered":"Trascendencia del cableado estructurado en la era digital"},"content":{"rendered":"<p>En la mara\u00f1a de dispositivos interconectados y sistemas tecnol\u00f3gicos que definen nuestra realidad actual, la implementaci\u00f3n de un <b>sistema de cableado estructurado <\/b>se erige como un pilar fundamental, un tejido invisible pero crucial que sostiene la infraestructura digital moderna. Este entramado de cables, organizado y planificado meticulosamente, no es simplemente un conjunto de conexiones f\u00edsicas; es la sinfon\u00eda que orquesta la comunicaci\u00f3n sin fisuras y el intercambio de datos en nuestro mundo interconectado.<\/p>\n<h2>\u00bfPor qu\u00e9 el \u00e9nfasis en el cableado estructurado?<\/h2>\n<p>La respuesta es tan sencilla como esencial: eficiencia. Imagina una red de informaci\u00f3n como una ciudad interconectada, donde cada calle, callej\u00f3n y avenida tiene un prop\u00f3sito espec\u00edfico y contribuye al funcionamiento fluido de la urbe. Del mismo modo, un <b>sistema de cableado estructurado<\/b> proporciona la infraestructura necesaria para que los datos viajen sin obst\u00e1culos, llegando de un punto a otro de manera r\u00e1pida y fiable.<\/p>\n<h2>Un vistazo a la anatom\u00eda del cableado estructurado<\/h2>\n<p>Antes de sumergirnos en la importancia de esta red entrelazada, es crucial entender c\u00f3mo funciona. El <b>cableado estructurado<\/b> no es simplemente una colecci\u00f3n ca\u00f3tica de cables; m\u00e1s bien, sigue un dise\u00f1o organizado y jer\u00e1rquico. Se compone de subsistemas que incluyen cables de fibra \u00f3ptica, cables de cobre, puntos de acceso y paneles de conexi\u00f3n, todos cuidadosamente planificados para garantizar la cohesi\u00f3n y la accesibilidad.<\/p>\n<h2>Eficiencia en el flujo de datos<\/h2>\n<p>\u00bfQu\u00e9 impulsa la necesidad de esta meticulosa planificaci\u00f3n? La respuesta radica en la eficiencia operativa. Con un <b>cableado estructurado<\/b>, las empresas pueden eliminar los obst\u00e1culos que podr\u00edan ralentizar el flujo de datos. La capacidad de identificar y solucionar problemas de conectividad r\u00e1pidamente se traduce en una mayor productividad y, en \u00faltima instancia, en una ventaja competitiva.<\/p>","protected":false},"excerpt":{"rendered":"<p>En la mara\u00f1a de dispositivos interconectados y sistemas tecnol\u00f3gicos que definen nuestra realidad actual, la implementaci\u00f3n de un sistema de cableado estructurado se erige como un pilar fundamental, un tejido invisible pero crucial que sostiene la infraestructura digital moderna.Este entramado de cables, organizado y planificado meticulosamente, no es simplemente un conjunto de conexiones f\u00edsicas.<\/p>","protected":false},"author":1,"featured_media":13489,"comment_status":"closed","ping_status":"closed","sticky":false,"template":"","format":"standard","meta":{"footnotes":""},"categories":[183],"tags":[],"class_list":["post-13488","post","type-post","status-publish","format-standard","has-post-thumbnail","hentry","category-conectividad"],"yoast_head":"<!-- This site is optimized with the Yoast SEO plugin v27.5 - https:\/\/yoast.com\/product\/yoast-seo-wordpress\/ -->\n<title>Navegando por la red: la trascendencia del cableado estructurado en la era digital| Scharfstein<\/title>\n<meta name=\"description\" content=\"En la mara\u00f1a de dispositivos interconectados y sistemas tecnol\u00f3gicos que definen nuestra realidad actual, la implementaci\u00f3n de un sistema de cableado estructurado se erige como un pilar fundamental\" \/>\n<meta name=\"robots\" content=\"index, follow, max-snippet:-1, max-image-preview:large, max-video-preview:-1\" \/>\n<link rel=\"canonical\" href=\"https:\/\/smartki.cl\/blog\/acceso\/por-que-gestionar-y-controlar-el-flujo-de-personas-es-clave-para-la-seguridad\/\" \/>\n<meta name=\"twitter:card\" content=\"summary_large_image\" \/>\n<meta name=\"twitter:title\" content=\"Navegando por la red: la trascendencia del cableado estructurado en la era digital| Scharfstein\" \/>\n<meta name=\"twitter:description\" content=\"En la mara\u00f1a de dispositivos interconectados y sistemas tecnol\u00f3gicos que definen nuestra realidad actual, la implementaci\u00f3n de un sistema de cableado estructurado se erige como un pilar fundamental\" \/>\n<meta name=\"twitter:image\" content=\"https:\/\/scharfstein.cl\/wp-content\/uploads\/2023\/11\/cableado-articulo.jpg\" \/>\n<meta name=\"twitter:label1\" content=\"Written by\" \/>\n\t<meta name=\"twitter:data1\" content=\"admin\" \/>\n\t<meta name=\"twitter:label2\" content=\"Est. reading time\" \/>\n\t<meta name=\"twitter:data2\" content=\"2 minutes\" \/>\n<!-- \/ Yoast SEO plugin. -->","yoast_head_json":{"title":"Navegando por la red: la trascendencia del cableado estructurado en la era digital| Scharfstein","description":"En la mara\u00f1a de dispositivos interconectados y sistemas tecnol\u00f3gicos que definen nuestra realidad actual, la implementaci\u00f3n de un sistema de cableado estructurado se erige como un pilar fundamental","robots":{"index":"index","follow":"follow","max-snippet":"max-snippet:-1","max-image-preview":"max-image-preview:large","max-video-preview":"max-video-preview:-1"},"canonical":"https:\/\/smartki.cl\/blog\/acceso\/por-que-gestionar-y-controlar-el-flujo-de-personas-es-clave-para-la-seguridad\/","twitter_card":"summary_large_image","twitter_title":"Navegando por la red: la trascendencia del cableado estructurado en la era digital| Scharfstein","twitter_description":"En la mara\u00f1a de dispositivos interconectados y sistemas tecnol\u00f3gicos que definen nuestra realidad actual, la implementaci\u00f3n de un sistema de cableado estructurado se erige como un pilar fundamental","twitter_image":"https:\/\/scharfstein.cl\/wp-content\/uploads\/2023\/11\/cableado-articulo.jpg","twitter_misc":{"Written by":"admin","Est. reading time":"2 minutes"},"schema":{"@context":"https:\/\/schema.org","@graph":[{"@type":"Article","@id":"https:\/\/smartki.cl\/blog\/acceso\/por-que-gestionar-y-controlar-el-flujo-de-personas-es-clave-para-la-seguridad\/#article","isPartOf":{"@id":"https:\/\/scharfstein.cl\/navegando-por-la-red-la-trascendencia-del-cableado-estructurado-en-la-era-digital\/"},"author":{"name":"admin","@id":"https:\/\/scharfstein.cl\/#\/schema\/person\/9bf47521800d274764b5b6fa657e6c20"},"headline":"Trascendencia del cableado estructurado en la era digital","datePublished":"2023-11-23T13:15:46+00:00","dateModified":"2026-03-14T18:29:42+00:00","mainEntityOfPage":{"@id":"https:\/\/scharfstein.cl\/navegando-por-la-red-la-trascendencia-del-cableado-estructurado-en-la-era-digital\/"},"wordCount":313,"publisher":{"@id":"https:\/\/scharfstein.cl\/#organization"},"image":{"@id":"https:\/\/smartki.cl\/blog\/acceso\/por-que-gestionar-y-controlar-el-flujo-de-personas-es-clave-para-la-seguridad\/#primaryimage"},"thumbnailUrl":"https:\/\/scharfstein.cl\/wp-content\/uploads\/2023\/11\/cableado-articulo.jpg","articleSection":["Conectividad"],"inLanguage":"en-US"},{"@type":"WebPage","@id":"https:\/\/scharfstein.cl\/navegando-por-la-red-la-trascendencia-del-cableado-estructurado-en-la-era-digital\/","url":"https:\/\/smartki.cl\/blog\/acceso\/por-que-gestionar-y-controlar-el-flujo-de-personas-es-clave-para-la-seguridad\/","name":"Navegando por la red: la trascendencia del cableado estructurado en la era digital| Scharfstein","isPartOf":{"@id":"https:\/\/scharfstein.cl\/#website"},"primaryImageOfPage":{"@id":"https:\/\/smartki.cl\/blog\/acceso\/por-que-gestionar-y-controlar-el-flujo-de-personas-es-clave-para-la-seguridad\/#primaryimage"},"image":{"@id":"https:\/\/smartki.cl\/blog\/acceso\/por-que-gestionar-y-controlar-el-flujo-de-personas-es-clave-para-la-seguridad\/#primaryimage"},"thumbnailUrl":"https:\/\/scharfstein.cl\/wp-content\/uploads\/2023\/11\/cableado-articulo.jpg","datePublished":"2023-11-23T13:15:46+00:00","dateModified":"2026-03-14T18:29:42+00:00","description":"En la mara\u00f1a de dispositivos interconectados y sistemas tecnol\u00f3gicos que definen nuestra realidad actual, la implementaci\u00f3n de un sistema de cableado estructurado se erige como un pilar fundamental","breadcrumb":{"@id":"https:\/\/smartki.cl\/blog\/acceso\/por-que-gestionar-y-controlar-el-flujo-de-personas-es-clave-para-la-seguridad\/#breadcrumb"},"inLanguage":"en-US","potentialAction":[{"@type":"ReadAction","target":["https:\/\/smartki.cl\/blog\/acceso\/por-que-gestionar-y-controlar-el-flujo-de-personas-es-clave-para-la-seguridad\/"]}]},{"@type":"ImageObject","inLanguage":"en-US","@id":"https:\/\/smartki.cl\/blog\/acceso\/por-que-gestionar-y-controlar-el-flujo-de-personas-es-clave-para-la-seguridad\/#primaryimage","url":"https:\/\/scharfstein.cl\/wp-content\/uploads\/2023\/11\/cableado-articulo.jpg","contentUrl":"https:\/\/scharfstein.cl\/wp-content\/uploads\/2023\/11\/cableado-articulo.jpg","width":503,"height":479},{"@type":"BreadcrumbList","@id":"https:\/\/smartki.cl\/blog\/acceso\/por-que-gestionar-y-controlar-el-flujo-de-personas-es-clave-para-la-seguridad\/#breadcrumb","itemListElement":[{"@type":"ListItem","position":1,"name":"Scharfstein","item":"https:\/\/scharfstein.cl\/"},{"@type":"ListItem","position":2,"name":"Trascendencia del cableado estructurado en la era digital"}]},{"@type":"WebSite","@id":"https:\/\/scharfstein.cl\/#website","url":"https:\/\/scharfstein.cl\/","name":"Scharfstein","description":"Scharfstein S.A Chile: Hacemos f\u00e1cil la vida a trav\u00e9s de la tecnolog\u00eda. Fono: (+56 2) 2550 0000. Estacionamiento, Seguridad y Comunicaciones","publisher":{"@id":"https:\/\/scharfstein.cl\/#organization"},"alternateName":"Scharfstein","potentialAction":[{"@type":"SearchAction","target":{"@type":"EntryPoint","urlTemplate":"https:\/\/scharfstein.cl\/?s={search_term_string}"},"query-input":{"@type":"PropertyValueSpecification","valueRequired":true,"valueName":"search_term_string"}}],"inLanguage":"en-US"},{"@type":"Organization","@id":"https:\/\/scharfstein.cl\/#organization","name":"Scharfstein","alternateName":"Scharfstein","url":"https:\/\/scharfstein.cl\/","logo":{"@type":"ImageObject","inLanguage":"en-US","@id":"https:\/\/scharfstein.cl\/#\/schema\/logo\/image\/","url":"https:\/\/scharfstein.cl\/wp-content\/uploads\/2025\/08\/logo-scharfstein-para-form.png","contentUrl":"https:\/\/scharfstein.cl\/wp-content\/uploads\/2025\/08\/logo-scharfstein-para-form.png","width":200,"height":60,"caption":"Scharfstein"},"image":{"@id":"https:\/\/scharfstein.cl\/#\/schema\/logo\/image\/"},"sameAs":["https:\/\/www.linkedin.com\/company\/scharfstein-sa\/"]},{"@type":"Person","@id":"https:\/\/scharfstein.cl\/#\/schema\/person\/9bf47521800d274764b5b6fa657e6c20","name":"admin","image":{"@type":"ImageObject","inLanguage":"en-US","@id":"https:\/\/secure.gravatar.com\/avatar\/66c9fb5989f98a9fe43308593a3bb67f8a7f307e32cc95b76e5e1a5941ef1ba8?s=96&d=mm&r=g","url":"https:\/\/secure.gravatar.com\/avatar\/66c9fb5989f98a9fe43308593a3bb67f8a7f307e32cc95b76e5e1a5941ef1ba8?s=96&d=mm&r=g","contentUrl":"https:\/\/secure.gravatar.com\/avatar\/66c9fb5989f98a9fe43308593a3bb67f8a7f307e32cc95b76e5e1a5941ef1ba8?s=96&d=mm&r=g","caption":"admin"},"sameAs":["https:\/\/scharfstein.cl"]}]}},"_links":{"self":[{"href":"https:\/\/scharfstein.cl\/en\/wp-json\/wp\/v2\/posts\/13488","targetHints":{"allow":["GET"]}}],"collection":[{"href":"https:\/\/scharfstein.cl\/en\/wp-json\/wp\/v2\/posts"}],"about":[{"href":"https:\/\/scharfstein.cl\/en\/wp-json\/wp\/v2\/types\/post"}],"author":[{"embeddable":true,"href":"https:\/\/scharfstein.cl\/en\/wp-json\/wp\/v2\/users\/1"}],"replies":[{"embeddable":true,"href":"https:\/\/scharfstein.cl\/en\/wp-json\/wp\/v2\/comments?post=13488"}],"version-history":[{"count":2,"href":"https:\/\/scharfstein.cl\/en\/wp-json\/wp\/v2\/posts\/13488\/revisions"}],"predecessor-version":[{"id":14978,"href":"https:\/\/scharfstein.cl\/en\/wp-json\/wp\/v2\/posts\/13488\/revisions\/14978"}],"wp:featuredmedia":[{"embeddable":true,"href":"https:\/\/scharfstein.cl\/en\/wp-json\/wp\/v2\/media\/13489"}],"wp:attachment":[{"href":"https:\/\/scharfstein.cl\/en\/wp-json\/wp\/v2\/media?parent=13488"}],"wp:term":[{"taxonomy":"category","embeddable":true,"href":"https:\/\/scharfstein.cl\/en\/wp-json\/wp\/v2\/categories?post=13488"},{"taxonomy":"post_tag","embeddable":true,"href":"https:\/\/scharfstein.cl\/en\/wp-json\/wp\/v2\/tags?post=13488"}],"curies":[{"name":"wp","href":"https:\/\/api.w.org\/{rel}","templated":true}]}}