{"id":13325,"date":"2023-10-18T11:10:18","date_gmt":"2023-10-18T14:10:18","guid":{"rendered":"https:\/\/scharfstein.cl\/?p=13325"},"modified":"2026-03-14T18:29:46","modified_gmt":"2026-03-14T18:29:46","slug":"potenciando-la-productividad-del-trabajo-hibrido-con-telefonia-en-la-nube","status":"publish","type":"post","link":"https:\/\/scharfstein.cl\/en\/potenciando-la-productividad-del-trabajo-hibrido-con-telefonia-en-la-nube\/","title":{"rendered":"Potenciando la productividad del trabajo h\u00edbrido con telefon\u00eda en la nube"},"content":{"rendered":"<h2>Potenciando la productividad del trabajo h\u00edbrido con telefon\u00eda en la nube<\/h2>\n<p>\t\t\t\t\t\t\t\t\t\t\t\t\t\t\t<img fetchpriority=\"high\" decoding=\"async\" width=\"1138\" height=\"440\" src=\"https:\/\/scharfstein.cl\/wp-content\/uploads\/2023\/10\/trabajo-hibrido-portada.jpg\" alt=\"\" \/>\t\t\t\t\t\t\t\t\t\t\t\t\t\t\t<\/p>\n<ul>\n<li>\n\t\t\t\t\t\t\t\t\t\t\t<a href=\"https:\/\/www.linkedin.com\/company\/scharfstein\/\" target=\"_blank\" rel=\"noopener\"><br \/>\n\t\t\t\t\t\t\t\t\t\tCompartir<br \/>\n\t\t\t\t\t\t\t\t\t\t\t<\/a>\n\t\t\t\t\t\t\t\t\t<\/li>\n<\/ul>\n<p>El mundo laboral ha experimentado una transformaci\u00f3n significativa en los \u00faltimos tiempos, impulsada por la necesidad de adaptarse a nuevas realidades, como la modalidad de trabajo h\u00edbrido. Despu\u00e9s del final de la alerta sanitaria, muchas empresas han optado por esta modalidad, que combina el trabajo presencial y remoto, como la soluci\u00f3n ideal para su fuerza laboral.<\/p>\n<p>En un mundo donde la comunicaci\u00f3n efectiva se ha vuelto esencial, especialmente para roles como ventas y visitas en terreno, la tecnolog\u00eda desempe\u00f1a un papel crucial. Seg\u00fan una encuesta reciente realizada por la consultora WTW (ex Willis Towers Watson) a 55 grandes y medianas empresas en Chile, el 67% de ellas ha adoptado una modalidad de<b> trabajo h\u00edbrido<\/b>, con un 30% de trabajo presencial y un 3% de trabajo remoto.<\/p>\n<p>El <b>trabajo h\u00edbrido <\/b>se ha convertido en la f\u00f3rmula ideal para armonizar la vida personal y laboral, adem\u00e1s de optimizar los costos en infraestructura, energ\u00eda y operaciones. Para que esta modalidad resulte exitosa y productiva, es fundamental contar con el apoyo tecnol\u00f3gico adecuado. Herramientas y soluciones de comunicaci\u00f3n, como la <b>telefon\u00eda en la nube<\/b>, desempe\u00f1an un papel crucial, sobre todo para aquellos que deben trabajar en diferentes ubicaciones geogr\u00e1ficas.<\/p>\n<p>Eduardo Salinas Huhner, KAM <b><a href=\"https:\/\/scharfstein.cl\/en\/comunicaciones\/\">Comunicaciones <\/a><\/b>en Scharfstein S.A., destaca la importancia de la <b>telefon\u00eda en la nube<\/b> al afirmar que \u00abpermite no solo la flexibilidad tan necesaria hoy, sino tambi\u00e9n posibilita la escalabilidad y eficiencia empresarial\u00bb.<\/p>\n<p>Las soluciones basadas en la <b>telefon\u00eda en la nube<\/b> est\u00e1n cambiando la forma en que los colaboradores, especialmente aquellos que trabajan en terreno o en ventas, se conectan y operan. Ofrecen una gesti\u00f3n \u00e1gil y accesible de llamadas, mensajes y colaboraci\u00f3n, independientemente de la ubicaci\u00f3n f\u00edsica.<\/p>\n<p>Salinas a\u00f1ade: \u00abNo se pierde ninguna oportunidad de negocio, porque las llamadas se derivan al dispositivo de la persona, entre muchas otras funcionalidades. Esto, porque las soluciones de movilidad y conectividad posibilitan que los empleados se mantengan conectados y productivos sin importar su ubicaci\u00f3n\u00bb.<\/p>\n<p>Estos sistemas tambi\u00e9n respaldan el control de llamadas y aportan funciones de Comunicaciones Unificadas (UC) para los trabajadores que se desplazan o trabajan de manera remota, optimizando su eficiencia y productividad. Desde un directorio inteligente de contactos hasta n\u00fameros \u00fanicos con buzones de correo, estas soluciones ofrecen una amplia gama de herramientas para mejorar la colaboraci\u00f3n.<\/p>\n<p>Adem\u00e1s, existen soluciones de comunicaciones inteligentes adecuadas para equipos de diferentes tama\u00f1os, desde peque\u00f1as empresas hasta grandes corporaciones. Estas soluciones ofrecen capacidades de voz sobre internet (VoIP), acceso a comunicaciones unificadas y flexibilidad para futuras actualizaciones, todo mientras ayudan a las empresas a ahorrar costos significativos.<\/p>\n<p>En resumen, en un mundo en el que el<b> trabajo h\u00edbrido<\/b> es la nueva normalidad, la <strong>telefon\u00eda en la nube<\/strong> se erige como un aliado esencial para las empresas. Facilita la comunicaci\u00f3n efectiva, aumenta la flexibilidad y la productividad, y se adapta a las necesidades cambiantes de una fuerza laboral distribuida. La inversi\u00f3n en estas soluciones tecnol\u00f3gicas es una inversi\u00f3n en el \u00e9xito continuo de las empresas en la era del trabajo h\u00edbrido.<\/p>\n<p>\t\t\t\t\t\t\t\t\t\t\t\t\t\t\t<img decoding=\"async\" width=\"201\" height=\"300\" src=\"https:\/\/scharfstein.cl\/wp-content\/uploads\/2023\/02\/img-contacto-1-201x300.png\" alt=\"\" \/>\t\t\t\t\t\t\t\t\t\t\t\t\t\t\t<\/p>\n<h2>Cont\u00e1ctanos<\/h2>\n<h2>\u00bfQuieres profundizar m\u00e1s sobre este tema?<\/h2>\n<style>\n\/********PROPIEDADES BTN*********\/\n.btn-form{\nborder: 1px solid #2F0FCC;\nbackground: #2F0FCC;\ncolor: #FFFFFF;\nborder-radius: 50px;\npadding: 8px 16px;\nfont-size: 16px;\nfont-weight: bold;\nline-height: 15px;\nmargin-top: 25px;\n}\n\/************ALINEACION BTN******************\/\n.actions {\n    text-align: center;\n}\n\/********PROPIEDADES BTN HOVER*********\/\n.btn-form:hover{\nborder: 1px solid #2F0FCC;\nbackground: #FFFFFF;\ncolor: #2F0FCC;\n}\n\/********PROPIEDADES BTN FOCO*********\/\n.btn-form:focus{\nborder: 1px solid #2F0FCC;\nbackground: #2F0FCC;\ncolor: #ffffff;\n}\n\/********PROPIEDADES INPUT*********\/\n.hs-input{\n    background-color: #f5f8fa;\n    height: 40px;\n}\n.hs-custom-style .hs-input, .hs-custom-style fieldset {\n    border-radius: 25px;\n    border-color: #cbd6e2;\n}\n\/********LABEL CAMPOS FALTANTES*********\/\n.hs-error-msgs label {\n    color: #f2545b;\n}\n.hs-form-required\n{\ncolor: #f2545b;\n}\n\/********QUITAR MARCADOR LISTA*********\/\n.inputs-list>li {\n    display: block;\n    margin-left: -40px;\n}\n\/********COLOR LABEL INPUT*********\/\n.hs-form-field{\n    color:#FFFFFF;\n    margin-bottom: 10px;\n}\n\/***********TAMA\u00d1O FUENTE CHECKBOX*************\/\ndd, dl, dt, li, ol, ul {\n    font-size: 94%;\n}\n\/***********POSICIONAMIENTO CHECKBOX*************\/\n.hs-form-booleancheckbox-display{\n    margin-top: 10px;\n}\ntextarea#message-7fc3cc08-b594-47ba-875e-31309798166b {\n    height: 60px;\n}\n<\/style>","protected":false},"excerpt":{"rendered":"<p>El mundo laboral ha experimentado una transformaci\u00f3n significativa en los \u00faltimos tiempos, impulsada por la necesidad de adaptarse a nuevas realidades, como la modalidad de trabajo h\u00edbrido. Despu\u00e9s del final de la alerta sanitaria, muchas empresas han optado por esta modalidad, que combina el trabajo presencial y remoto.<\/p>","protected":false},"author":1,"featured_media":13328,"comment_status":"closed","ping_status":"closed","sticky":false,"template":"","format":"standard","meta":{"footnotes":""},"categories":[183],"tags":[],"class_list":["post-13325","post","type-post","status-publish","format-standard","has-post-thumbnail","hentry","category-conectividad"],"yoast_head":"<!-- This site is optimized with the Yoast SEO plugin v27.5 - https:\/\/yoast.com\/product\/yoast-seo-wordpress\/ -->\n<title>Potenciando la productividad del trabajo h\u00edbrido con telefon\u00eda en la nube | Scharfstein<\/title>\n<meta name=\"description\" content=\"Las soluciones basadas en la telefon\u00eda en la nube est\u00e1n cambiando la forma en que los colaboradores\" \/>\n<meta name=\"robots\" content=\"index, follow, max-snippet:-1, max-image-preview:large, max-video-preview:-1\" \/>\n<link rel=\"canonical\" href=\"https:\/\/smartki.cl\/blog\/acceso\/por-que-gestionar-y-controlar-el-flujo-de-personas-es-clave-para-la-seguridad\/\" \/>\n<meta name=\"twitter:card\" content=\"summary_large_image\" \/>\n<meta name=\"twitter:title\" content=\"Potenciando la productividad del trabajo h\u00edbrido con telefon\u00eda en la nube | Scharfstein\" \/>\n<meta name=\"twitter:description\" content=\"Las soluciones basadas en la telefon\u00eda en la nube est\u00e1n cambiando la forma en que los colaboradores\" \/>\n<meta name=\"twitter:image\" content=\"https:\/\/scharfstein.cl\/wp-content\/uploads\/2023\/09\/controldeacceso.jpg\" \/>\n<meta name=\"twitter:label1\" content=\"Written by\" \/>\n\t<meta name=\"twitter:data1\" content=\"admin\" \/>\n\t<meta name=\"twitter:label2\" content=\"Est. reading time\" \/>\n\t<meta name=\"twitter:data2\" content=\"3 minutes\" \/>\n<!-- \/ Yoast SEO plugin. -->","yoast_head_json":{"title":"Potenciando la productividad del trabajo h\u00edbrido con telefon\u00eda en la nube | Scharfstein","description":"Las soluciones basadas en la telefon\u00eda en la nube est\u00e1n cambiando la forma en que los colaboradores","robots":{"index":"index","follow":"follow","max-snippet":"max-snippet:-1","max-image-preview":"max-image-preview:large","max-video-preview":"max-video-preview:-1"},"canonical":"https:\/\/smartki.cl\/blog\/acceso\/por-que-gestionar-y-controlar-el-flujo-de-personas-es-clave-para-la-seguridad\/","twitter_card":"summary_large_image","twitter_title":"Potenciando la productividad del trabajo h\u00edbrido con telefon\u00eda en la nube | Scharfstein","twitter_description":"Las soluciones basadas en la telefon\u00eda en la nube est\u00e1n cambiando la forma en que los colaboradores","twitter_image":"https:\/\/scharfstein.cl\/wp-content\/uploads\/2023\/09\/controldeacceso.jpg","twitter_misc":{"Written by":"admin","Est. reading time":"3 minutes"},"schema":{"@context":"https:\/\/schema.org","@graph":[{"@type":"Article","@id":"https:\/\/smartki.cl\/blog\/acceso\/por-que-gestionar-y-controlar-el-flujo-de-personas-es-clave-para-la-seguridad\/#article","isPartOf":{"@id":"https:\/\/scharfstein.cl\/potenciando-la-productividad-del-trabajo-hibrido-con-telefonia-en-la-nube\/"},"author":{"name":"admin","@id":"https:\/\/scharfstein.cl\/#\/schema\/person\/9bf47521800d274764b5b6fa657e6c20"},"headline":"Potenciando la productividad del trabajo h\u00edbrido con telefon\u00eda en la nube","datePublished":"2023-10-18T14:10:18+00:00","dateModified":"2026-03-14T18:29:46+00:00","mainEntityOfPage":{"@id":"https:\/\/scharfstein.cl\/potenciando-la-productividad-del-trabajo-hibrido-con-telefonia-en-la-nube\/"},"wordCount":570,"publisher":{"@id":"https:\/\/scharfstein.cl\/#organization"},"image":{"@id":"https:\/\/smartki.cl\/blog\/acceso\/por-que-gestionar-y-controlar-el-flujo-de-personas-es-clave-para-la-seguridad\/#primaryimage"},"thumbnailUrl":"https:\/\/scharfstein.cl\/wp-content\/uploads\/2023\/10\/trabajo-hibrido-articulo.jpg","articleSection":["Conectividad"],"inLanguage":"en-US"},{"@type":"WebPage","@id":"https:\/\/scharfstein.cl\/potenciando-la-productividad-del-trabajo-hibrido-con-telefonia-en-la-nube\/","url":"https:\/\/smartki.cl\/blog\/acceso\/por-que-gestionar-y-controlar-el-flujo-de-personas-es-clave-para-la-seguridad\/","name":"Potenciando la productividad del trabajo h\u00edbrido con telefon\u00eda en la nube | Scharfstein","isPartOf":{"@id":"https:\/\/scharfstein.cl\/#website"},"primaryImageOfPage":{"@id":"https:\/\/smartki.cl\/blog\/acceso\/por-que-gestionar-y-controlar-el-flujo-de-personas-es-clave-para-la-seguridad\/#primaryimage"},"image":{"@id":"https:\/\/smartki.cl\/blog\/acceso\/por-que-gestionar-y-controlar-el-flujo-de-personas-es-clave-para-la-seguridad\/#primaryimage"},"thumbnailUrl":"https:\/\/scharfstein.cl\/wp-content\/uploads\/2023\/10\/trabajo-hibrido-articulo.jpg","datePublished":"2023-10-18T14:10:18+00:00","dateModified":"2026-03-14T18:29:46+00:00","description":"Las soluciones basadas en la telefon\u00eda en la nube est\u00e1n cambiando la forma en que los colaboradores","breadcrumb":{"@id":"https:\/\/smartki.cl\/blog\/acceso\/por-que-gestionar-y-controlar-el-flujo-de-personas-es-clave-para-la-seguridad\/#breadcrumb"},"inLanguage":"en-US","potentialAction":[{"@type":"ReadAction","target":["https:\/\/smartki.cl\/blog\/acceso\/por-que-gestionar-y-controlar-el-flujo-de-personas-es-clave-para-la-seguridad\/"]}]},{"@type":"ImageObject","inLanguage":"en-US","@id":"https:\/\/smartki.cl\/blog\/acceso\/por-que-gestionar-y-controlar-el-flujo-de-personas-es-clave-para-la-seguridad\/#primaryimage","url":"https:\/\/scharfstein.cl\/wp-content\/uploads\/2023\/10\/trabajo-hibrido-articulo.jpg","contentUrl":"https:\/\/scharfstein.cl\/wp-content\/uploads\/2023\/10\/trabajo-hibrido-articulo.jpg","width":503,"height":479},{"@type":"BreadcrumbList","@id":"https:\/\/smartki.cl\/blog\/acceso\/por-que-gestionar-y-controlar-el-flujo-de-personas-es-clave-para-la-seguridad\/#breadcrumb","itemListElement":[{"@type":"ListItem","position":1,"name":"Scharfstein","item":"https:\/\/scharfstein.cl\/"},{"@type":"ListItem","position":2,"name":"Potenciando la productividad del trabajo h\u00edbrido con telefon\u00eda en la nube"}]},{"@type":"WebSite","@id":"https:\/\/scharfstein.cl\/#website","url":"https:\/\/scharfstein.cl\/","name":"Scharfstein","description":"Scharfstein S.A Chile: Hacemos f\u00e1cil la vida a trav\u00e9s de la tecnolog\u00eda. Fono: (+56 2) 2550 0000. Estacionamiento, Seguridad y Comunicaciones","publisher":{"@id":"https:\/\/scharfstein.cl\/#organization"},"alternateName":"Scharfstein","potentialAction":[{"@type":"SearchAction","target":{"@type":"EntryPoint","urlTemplate":"https:\/\/scharfstein.cl\/?s={search_term_string}"},"query-input":{"@type":"PropertyValueSpecification","valueRequired":true,"valueName":"search_term_string"}}],"inLanguage":"en-US"},{"@type":"Organization","@id":"https:\/\/scharfstein.cl\/#organization","name":"Scharfstein","alternateName":"Scharfstein","url":"https:\/\/scharfstein.cl\/","logo":{"@type":"ImageObject","inLanguage":"en-US","@id":"https:\/\/scharfstein.cl\/#\/schema\/logo\/image\/","url":"https:\/\/scharfstein.cl\/wp-content\/uploads\/2025\/08\/logo-scharfstein-para-form.png","contentUrl":"https:\/\/scharfstein.cl\/wp-content\/uploads\/2025\/08\/logo-scharfstein-para-form.png","width":200,"height":60,"caption":"Scharfstein"},"image":{"@id":"https:\/\/scharfstein.cl\/#\/schema\/logo\/image\/"},"sameAs":["https:\/\/www.linkedin.com\/company\/scharfstein-sa\/"]},{"@type":"Person","@id":"https:\/\/scharfstein.cl\/#\/schema\/person\/9bf47521800d274764b5b6fa657e6c20","name":"admin","image":{"@type":"ImageObject","inLanguage":"en-US","@id":"https:\/\/secure.gravatar.com\/avatar\/66c9fb5989f98a9fe43308593a3bb67f8a7f307e32cc95b76e5e1a5941ef1ba8?s=96&d=mm&r=g","url":"https:\/\/secure.gravatar.com\/avatar\/66c9fb5989f98a9fe43308593a3bb67f8a7f307e32cc95b76e5e1a5941ef1ba8?s=96&d=mm&r=g","contentUrl":"https:\/\/secure.gravatar.com\/avatar\/66c9fb5989f98a9fe43308593a3bb67f8a7f307e32cc95b76e5e1a5941ef1ba8?s=96&d=mm&r=g","caption":"admin"},"sameAs":["https:\/\/scharfstein.cl"]}]}},"_links":{"self":[{"href":"https:\/\/scharfstein.cl\/en\/wp-json\/wp\/v2\/posts\/13325","targetHints":{"allow":["GET"]}}],"collection":[{"href":"https:\/\/scharfstein.cl\/en\/wp-json\/wp\/v2\/posts"}],"about":[{"href":"https:\/\/scharfstein.cl\/en\/wp-json\/wp\/v2\/types\/post"}],"author":[{"embeddable":true,"href":"https:\/\/scharfstein.cl\/en\/wp-json\/wp\/v2\/users\/1"}],"replies":[{"embeddable":true,"href":"https:\/\/scharfstein.cl\/en\/wp-json\/wp\/v2\/comments?post=13325"}],"version-history":[{"count":1,"href":"https:\/\/scharfstein.cl\/en\/wp-json\/wp\/v2\/posts\/13325\/revisions"}],"predecessor-version":[{"id":14979,"href":"https:\/\/scharfstein.cl\/en\/wp-json\/wp\/v2\/posts\/13325\/revisions\/14979"}],"wp:featuredmedia":[{"embeddable":true,"href":"https:\/\/scharfstein.cl\/en\/wp-json\/wp\/v2\/media\/13328"}],"wp:attachment":[{"href":"https:\/\/scharfstein.cl\/en\/wp-json\/wp\/v2\/media?parent=13325"}],"wp:term":[{"taxonomy":"category","embeddable":true,"href":"https:\/\/scharfstein.cl\/en\/wp-json\/wp\/v2\/categories?post=13325"},{"taxonomy":"post_tag","embeddable":true,"href":"https:\/\/scharfstein.cl\/en\/wp-json\/wp\/v2\/tags?post=13325"}],"curies":[{"name":"wp","href":"https:\/\/api.w.org\/{rel}","templated":true}]}}