{"id":11532,"date":"2020-09-04T16:02:00","date_gmt":"2020-09-04T19:02:00","guid":{"rendered":"https:\/\/scharfstein.cl\/?p=11532"},"modified":"2026-03-14T18:49:18","modified_gmt":"2026-03-14T18:49:18","slug":"4-formas-de-proteger-a-trabajadores-de-covid-19-ademas-de-pruebas","status":"publish","type":"post","link":"https:\/\/scharfstein.cl\/en\/4-formas-de-proteger-a-trabajadores-de-covid-19-ademas-de-pruebas\/","title":{"rendered":"4 formas de proteger a trabajadores de COVID-19 (adem\u00e1s de pruebas)"},"content":{"rendered":"<p>Dada su facilidad de contagio, el COVID-19 est\u00e1 cambiando la forma de trabajar en todo el mundo, por eso la adopci\u00f3n de medidas sanitarias y de seguridad al interior de la empresa no pueden tomarse a la ligera. \u00bfC\u00f3mo actuar?<\/p>\n<p>Si bien la aplicaci\u00f3n de pruebas es una manera efectiva de impedir la propagaci\u00f3n de contagios entre los colaboradores y de garantizar un entorno laboral seguro, no es la \u00fanica. A continuaci\u00f3n te decimos qu\u00e9 m\u00e1s puedes hacer para proteger a las personas del virus y para mitigar los brotes dentro de tu organizaci\u00f3n.<\/p>\n<h2>1. Desarrollar un plan de emergencia<\/h2>\n<p>Construir un\u00a0<u><a href=\"https:\/\/www.osha.gov\/Publications\/OSHA3992.pdf\" target=\"_blank\" rel=\"noopener\">plan de preparaci\u00f3n y respuesta al COVID-19<\/a><\/u>\u00a0ayuda a guiar las acciones de protecci\u00f3n en la empresa, as\u00ed que al hacerlo es importante que se considere, tal y como se\u00f1ala la Administraci\u00f3n de Seguridad y Salud Ocupacional:<\/p>\n<ul>\n<li>Nivel de riesgo asociado al lugar de trabajo y tareas que se realizan ah\u00ed.<\/li>\n<li>D\u00f3nde, c\u00f3mo y a cu\u00e1les fuentes de SARS-CoV-2 se podr\u00eda estar expuesto.<\/li>\n<li>Factores de riesgo no ocupacionales en el hogar y en ambientes comunitarios.<\/li>\n<li>Factores de riesgo individual (edad, presencia de condiciones m\u00e9dicas cr\u00f3nicas y en el sistema inmunol\u00f3gico o embarazo).<\/li>\n<li>Controles necesarios para atender los riesgos.<\/li>\n<li>Recomendaciones estatales, locales y\/o territoriales respecto al desarrollo de planes de contingencia para situaciones que surjan como resultado de los brotes.<\/li>\n<li>Pasos para reducir el riesgo de exposici\u00f3n en el lugar de trabajo.<\/li>\n<\/ul>\n<h2>2. Adoptar y promover h\u00e1bitos de higiene<\/h2>\n<p>Hasta las\u00a0<u><a href=\"https:\/\/www.paho.org\/es\/documentos\/prepare-su-lugar-trabajo-para-covid-19\" target=\"_blank\" rel=\"noopener\">medidas m\u00e1s b\u00e1sicas y simples sirven para frenar la propagaci\u00f3n de COVID-19<\/a><\/u>, as\u00ed que lo mejor ser\u00e1 potenciarlas y promoverlas entre todos. Estos consejos que otorga la Organizaci\u00f3n Panamericana de la Salud (OPS) ayudan a llevarlo a cabo:<\/p>\n<ul>\n<li><strong>Asegurarse de que los lugares de trabajo est\u00e9n limpios y sean higi\u00e9nicos:<\/strong><\/li>\n<\/ul>\n<p>&#8211; Superficies (por ejemplo, escritorios y mesas) y objetos (por ejemplo, tel\u00e9fonos y teclados) deben limpiarse con desinfectante frecuentemente. De hecho puedes consultar esta\u00a0<u><a href=\"https:\/\/espanol.cdc.gov\/coronavirus\/2019-ncov\/community\/reopen-guidance.html\" target=\"_blank\" rel=\"noopener\">gu\u00eda de limpieza y desinfecci\u00f3n en lugares de trabajo<\/a><\/u>\u00a0elaborada por los Centros para el Control y Prevenci\u00f3n de Enfermedades (CDC).<\/p>\n<ul>\n<li><strong>Promover lavado frecuente de manos entre trabajadores, contratistas y clientes:<\/strong><\/li>\n<\/ul>\n<p>&#8211; Colocar dosificadores de desinfectante de manos en lugares visibles y asegurarse de que se recarguen constantemente.<\/p>\n<p>&#8211; Poner carteles que fomenten el lavado de manos.<\/p>\n<p>&#8211; Combinar estas medidas con otras de comunicaci\u00f3n, como pedir a los responsables de salud y seguridad que ofrezcan orientaci\u00f3n, organizar sesiones informativas o facilitar informaci\u00f3n para promover el lavado de manos.<\/p>\n<p>&#8211; Asegurarse de que el personal, contratistas y clientes tengan <b><a href=\"https:\/\/scharfstein.cl\/en\/seguridad\/\">acceso <\/a><\/b>a lugares donde puedan lavarse las manos con agua y jab\u00f3n.<\/p>\n<ul>\n<li><strong>Promover buena higiene respiratoria:<\/strong><\/li>\n<\/ul>\n<p>&#8211; Garantizar la disponibilidad de mascarillas y\/o pa\u00f1uelos de papel para aquellos que desarrollen rinorrea o tosan en el trabajo, junto con cubos de basura con tapa para deshacerse higi\u00e9nicamente de ellos.<\/p>\n<h2>3. Acondicionar las instalaciones de la compa\u00f1\u00eda<\/h2>\n<p>Cuando los colaboradores deban retornar a sus labores de forma presencial, es clave que la empresa los reciba con\u00a0<u><a href=\"https:\/\/blog.scharfstein.cl\/cuanto-cuesta-adaptar-tus-instalaciones-a-la-nueva-normalidad\" target=\"_blank\" rel=\"noopener\">espacios de trabajo acondicionados a la nueva realidad provocada por COVID-19<\/a>.<\/u>\u00a0Para ello se necesita\u00a0<u><a href=\"https:\/\/espanol.cdc.gov\/coronavirus\/2019-ncov\/community\/guidance-business-response.html\" target=\"_blank\" rel=\"noopener\">modificar este tipo de instalaciones<\/a><\/u>\u00a0que se\u00f1alan los Centros para el Control y Prevenci\u00f3n de Enfermedades (CDC):<\/p>\n<ul>\n<li>Aumentar el espacio f\u00edsico entre los trabajadores y entre trabajadores y clientes (a trav\u00e9s de servicios desde auto o barreras f\u00edsicas como divisores).<\/li>\n<li>Colocar carteles, marcas con cinta adhesiva y otras herramientas visuales como calcoman\u00edas o cintas de color en el piso, a una distancia de 6 pies, para indicar d\u00f3nde ponerse cuando no hay barreras f\u00edsicas disponibles.<\/li>\n<li>Cerrar o limitar el acceso a \u00e1reas de uso com\u00fan para evitar reuniones.<\/li>\n<li>Elevar los niveles de ventilaci\u00f3n.<\/li>\n<li>Garantizar que los sistemas de ventilaci\u00f3n funcionen correctamente y propicien una calidad de aire aceptable en el interior de acuerdo al nivel de ocupaci\u00f3n de cada espacio.<\/li>\n<li>Mejorar la filtraci\u00f3n central del aire a MERV-13 o el filtro m\u00e1s alto compatible, y sellar los bordes del filtro para evitar las fugas.<\/li>\n<\/ul>\n<h2>4. Implementar medidas al entrar al lugar de trabajo<\/h2>\n<p>Adoptar estrictos protocolos de\u00a0<u><a href=\"https:\/\/www.ilo.org\/wcmsp5\/groups\/public\/---ed_dialogue\/---act_emp\/documents\/publication\/wcms_744784.pdf\" target=\"_blank\" rel=\"noopener\">acceso al lugar de trabajo<\/a><\/u>\u00a0tambi\u00e9n es imprescindible para detectar a quienes presenten s\u00edntomas de COVID-19 a tiempo y regular mejor los procesos de entrada sin poner a nadie en riesgo. Para esto, igual la Organizaci\u00f3n Internacional del Trabajo (OIT) sugiere:<\/p>\n<ul>\n<li>Someter a trabajadores a un control de temperatura corporal antes de acceder a la empresa y en caso de fiebre (temperatura superior a 37,5\u00b0), denegar el acceso.<\/li>\n<li>Capacitar a personal m\u00e9dico o de recursos humanos con las instrucciones adecuadas para realizar la toma de temperatura y usar term\u00f3metros fiables (incluso existen\u00a0<u><a href=\"https:\/\/info.scharfstein.cl\/soluciones-biometricas-control-de-acceso-sin-contacto\" target=\"_blank\" rel=\"noopener\">c\u00e1maras que miden temperatura corporal sin contacto<\/a><\/u>\u00a0para mayor seguridad).<\/li>\n<li>Comunicar claramente a los trabajadores que el \u00fanico motivo de la toma de temperatura es protegerlos de un posible contagio. De hecho, la Direcci\u00f3n de Trabajo en Chile es quien apoya esta medida argumentando que, considerando que el art\u00edculo 184 del C\u00f3digo del Trabajo se\u00f1ala que el\u00a0<u><a href=\"https:\/\/www.dt.gob.cl\/portal\/1628\/w3-article-118434.html\" target=\"_blank\" rel=\"noopener\">empleador debe adoptar medidas que protejan la vida y salud de los trabajadores bajo su dependencia<\/a><\/u>, esto debe ser considerado como algo preventivo.<\/li>\n<li>Reducir al m\u00ednimo el n\u00famero de entradas a la empresa.<\/li>\n<li>No autorizar el paso a personas que no est\u00e1n directamente involucradas en las actividades de la empresa.<\/li>\n<li>Solicitar que se respeten pol\u00edticas de seguridad e higiene interpuestas por la empresa.<\/li>\n<li>Implantar un\u00a0<u><a href=\"https:\/\/info.scharfstein.cl\/soluciones-biometricas-control-de-acceso-sin-contacto\" target=\"_blank\" rel=\"noopener\">sistema de control de acceso sin contacto<\/a><\/u>\u00a0para que las personas registren su entrada.<\/li>\n<li>Promover el distanciamiento f\u00edsico y utilizar medidas de separaci\u00f3n entre personas.<\/li>\n<li>Reducir afluencia de personas escalonando los turnos o las horas de entrada.<\/li>\n<\/ul>\n<h2>No bajes la guardia y mant\u00e9n protegidos a todos en la empresa<\/h2>\n<p>Para combatir la pandemia de COVID-19, no puedes pasar por alto ninguna de las medidas recomendadas y, una vez implementadas, no te olvides de monitorear su cumplimiento. Todo esto ayuda a evitar y minimizar riesgos de contagios, proteger vidas y a identificar acciones correctivas para la mejora continua.<\/p>","protected":false},"excerpt":{"rendered":"<p>Dada su facilidad de contagio, el COVID-19 est\u00e1 cambiando la forma de trabajar en todo el mundo, por eso la adopci\u00f3n de medidas sanitarias y de seguridad al interior de la empresa no pueden tomarse a la ligera. \u00bfC\u00f3mo actuar?<br \/>\nSi bien la aplicaci\u00f3n de pruebas es una manera efectiva de impedir la propagaci\u00f3n de contagios, no es la \u00fanica.<\/p>","protected":false},"author":1,"featured_media":11533,"comment_status":"closed","ping_status":"closed","sticky":false,"template":"","format":"standard","meta":{"footnotes":""},"categories":[180],"tags":[],"class_list":["post-11532","post","type-post","status-publish","format-standard","has-post-thumbnail","hentry","category-seguro"],"yoast_head":"<!-- This site is optimized with the Yoast SEO plugin v27.5 - https:\/\/yoast.com\/product\/yoast-seo-wordpress\/ -->\n<title>4 formas de proteger a trabajadores de COVID-19 (adem\u00e1s de pruebas) | Scharfstein<\/title>\n<meta name=\"description\" content=\"Descubre 4 formas de proteger a trabajadores de COVID-19 (adem\u00e1s de pruebas) en Scharfstein : Hacemos f\u00e1cil la vida a trav\u00e9s de la tecnolog\u00eda\" \/>\n<meta name=\"robots\" content=\"index, follow, max-snippet:-1, max-image-preview:large, max-video-preview:-1\" \/>\n<link rel=\"canonical\" href=\"https:\/\/scharfstein.cl\/en\/blog\/seguro\/4-formas-de-proteger-a-trabajadores-de-covid-19-ademas-de-pruebas\/\" \/>\n<meta name=\"twitter:card\" content=\"summary_large_image\" \/>\n<meta name=\"twitter:title\" content=\"4 formas de proteger a trabajadores de COVID-19 (adem\u00e1s de pruebas) | Scharfstein\" \/>\n<meta name=\"twitter:description\" content=\"Descubre 4 formas de proteger a trabajadores de COVID-19 (adem\u00e1s de pruebas) en Scharfstein : Hacemos f\u00e1cil la vida a trav\u00e9s de la tecnolog\u00eda\" \/>\n<meta name=\"twitter:image\" content=\"https:\/\/scharfstein.cl\/wp-content\/uploads\/2023\/07\/articulo-4-formas.jpg\" \/>\n<meta name=\"twitter:label1\" content=\"Written by\" \/>\n\t<meta name=\"twitter:data1\" content=\"admin\" \/>\n\t<meta name=\"twitter:label2\" content=\"Est. reading time\" \/>\n\t<meta name=\"twitter:data2\" content=\"5 minutes\" \/>\n<!-- \/ Yoast SEO plugin. -->","yoast_head_json":{"title":"4 formas de proteger a trabajadores de COVID-19 (adem\u00e1s de pruebas) | Scharfstein","description":"Descubre 4 formas de proteger a trabajadores de COVID-19 (adem\u00e1s de pruebas) en Scharfstein : Hacemos f\u00e1cil la vida a trav\u00e9s de la tecnolog\u00eda","robots":{"index":"index","follow":"follow","max-snippet":"max-snippet:-1","max-image-preview":"max-image-preview:large","max-video-preview":"max-video-preview:-1"},"canonical":"https:\/\/scharfstein.cl\/en\/blog\/seguro\/4-formas-de-proteger-a-trabajadores-de-covid-19-ademas-de-pruebas\/","twitter_card":"summary_large_image","twitter_title":"4 formas de proteger a trabajadores de COVID-19 (adem\u00e1s de pruebas) | Scharfstein","twitter_description":"Descubre 4 formas de proteger a trabajadores de COVID-19 (adem\u00e1s de pruebas) en Scharfstein : Hacemos f\u00e1cil la vida a trav\u00e9s de la tecnolog\u00eda","twitter_image":"https:\/\/scharfstein.cl\/wp-content\/uploads\/2023\/07\/articulo-4-formas.jpg","twitter_misc":{"Written by":"admin","Est. reading time":"5 minutes"},"schema":{"@context":"https:\/\/schema.org","@graph":[{"@type":"Article","@id":"https:\/\/scharfstein.cl\/blog\/seguro\/4-formas-de-proteger-a-trabajadores-de-covid-19-ademas-de-pruebas\/#article","isPartOf":{"@id":"https:\/\/scharfstein.cl\/4-formas-de-proteger-a-trabajadores-de-covid-19-ademas-de-pruebas\/"},"author":{"name":"admin","@id":"https:\/\/scharfstein.cl\/#\/schema\/person\/9bf47521800d274764b5b6fa657e6c20"},"headline":"4 formas de proteger a trabajadores de COVID-19 (adem\u00e1s de pruebas)","datePublished":"2020-09-04T19:02:00+00:00","dateModified":"2026-03-14T18:49:18+00:00","mainEntityOfPage":{"@id":"https:\/\/scharfstein.cl\/4-formas-de-proteger-a-trabajadores-de-covid-19-ademas-de-pruebas\/"},"wordCount":1046,"publisher":{"@id":"https:\/\/scharfstein.cl\/#organization"},"image":{"@id":"https:\/\/scharfstein.cl\/blog\/seguro\/4-formas-de-proteger-a-trabajadores-de-covid-19-ademas-de-pruebas\/#primaryimage"},"thumbnailUrl":"https:\/\/scharfstein.cl\/wp-content\/uploads\/2023\/07\/articulo-4-formas.jpg","articleSection":["Seguro"],"inLanguage":"en-US"},{"@type":"WebPage","@id":"https:\/\/scharfstein.cl\/4-formas-de-proteger-a-trabajadores-de-covid-19-ademas-de-pruebas\/","url":"https:\/\/scharfstein.cl\/blog\/seguro\/4-formas-de-proteger-a-trabajadores-de-covid-19-ademas-de-pruebas\/","name":"4 formas de proteger a trabajadores de COVID-19 (adem\u00e1s de pruebas) | Scharfstein","isPartOf":{"@id":"https:\/\/scharfstein.cl\/#website"},"primaryImageOfPage":{"@id":"https:\/\/scharfstein.cl\/blog\/seguro\/4-formas-de-proteger-a-trabajadores-de-covid-19-ademas-de-pruebas\/#primaryimage"},"image":{"@id":"https:\/\/scharfstein.cl\/blog\/seguro\/4-formas-de-proteger-a-trabajadores-de-covid-19-ademas-de-pruebas\/#primaryimage"},"thumbnailUrl":"https:\/\/scharfstein.cl\/wp-content\/uploads\/2023\/07\/articulo-4-formas.jpg","datePublished":"2020-09-04T19:02:00+00:00","dateModified":"2026-03-14T18:49:18+00:00","description":"Descubre 4 formas de proteger a trabajadores de COVID-19 (adem\u00e1s de pruebas) en Scharfstein : Hacemos f\u00e1cil la vida a trav\u00e9s de la tecnolog\u00eda","breadcrumb":{"@id":"https:\/\/scharfstein.cl\/blog\/seguro\/4-formas-de-proteger-a-trabajadores-de-covid-19-ademas-de-pruebas\/#breadcrumb"},"inLanguage":"en-US","potentialAction":[{"@type":"ReadAction","target":["https:\/\/scharfstein.cl\/blog\/seguro\/4-formas-de-proteger-a-trabajadores-de-covid-19-ademas-de-pruebas\/"]}]},{"@type":"ImageObject","inLanguage":"en-US","@id":"https:\/\/scharfstein.cl\/blog\/seguro\/4-formas-de-proteger-a-trabajadores-de-covid-19-ademas-de-pruebas\/#primaryimage","url":"https:\/\/scharfstein.cl\/wp-content\/uploads\/2023\/07\/articulo-4-formas.jpg","contentUrl":"https:\/\/scharfstein.cl\/wp-content\/uploads\/2023\/07\/articulo-4-formas.jpg","width":503,"height":479},{"@type":"BreadcrumbList","@id":"https:\/\/scharfstein.cl\/blog\/seguro\/4-formas-de-proteger-a-trabajadores-de-covid-19-ademas-de-pruebas\/#breadcrumb","itemListElement":[{"@type":"ListItem","position":1,"name":"Scharfstein","item":"https:\/\/scharfstein.cl\/"},{"@type":"ListItem","position":2,"name":"4 formas de proteger a trabajadores de COVID-19 (adem\u00e1s de pruebas)"}]},{"@type":"WebSite","@id":"https:\/\/scharfstein.cl\/#website","url":"https:\/\/scharfstein.cl\/","name":"Scharfstein","description":"Scharfstein S.A Chile: Hacemos f\u00e1cil la vida a trav\u00e9s de la tecnolog\u00eda. Fono: (+56 2) 2550 0000. Estacionamiento, Seguridad y Comunicaciones","publisher":{"@id":"https:\/\/scharfstein.cl\/#organization"},"alternateName":"Scharfstein","potentialAction":[{"@type":"SearchAction","target":{"@type":"EntryPoint","urlTemplate":"https:\/\/scharfstein.cl\/?s={search_term_string}"},"query-input":{"@type":"PropertyValueSpecification","valueRequired":true,"valueName":"search_term_string"}}],"inLanguage":"en-US"},{"@type":"Organization","@id":"https:\/\/scharfstein.cl\/#organization","name":"Scharfstein","alternateName":"Scharfstein","url":"https:\/\/scharfstein.cl\/","logo":{"@type":"ImageObject","inLanguage":"en-US","@id":"https:\/\/scharfstein.cl\/#\/schema\/logo\/image\/","url":"https:\/\/scharfstein.cl\/wp-content\/uploads\/2025\/08\/logo-scharfstein-para-form.png","contentUrl":"https:\/\/scharfstein.cl\/wp-content\/uploads\/2025\/08\/logo-scharfstein-para-form.png","width":200,"height":60,"caption":"Scharfstein"},"image":{"@id":"https:\/\/scharfstein.cl\/#\/schema\/logo\/image\/"},"sameAs":["https:\/\/www.linkedin.com\/company\/scharfstein-sa\/"]},{"@type":"Person","@id":"https:\/\/scharfstein.cl\/#\/schema\/person\/9bf47521800d274764b5b6fa657e6c20","name":"admin","image":{"@type":"ImageObject","inLanguage":"en-US","@id":"https:\/\/secure.gravatar.com\/avatar\/66c9fb5989f98a9fe43308593a3bb67f8a7f307e32cc95b76e5e1a5941ef1ba8?s=96&d=mm&r=g","url":"https:\/\/secure.gravatar.com\/avatar\/66c9fb5989f98a9fe43308593a3bb67f8a7f307e32cc95b76e5e1a5941ef1ba8?s=96&d=mm&r=g","contentUrl":"https:\/\/secure.gravatar.com\/avatar\/66c9fb5989f98a9fe43308593a3bb67f8a7f307e32cc95b76e5e1a5941ef1ba8?s=96&d=mm&r=g","caption":"admin"},"sameAs":["https:\/\/scharfstein.cl"]}]}},"_links":{"self":[{"href":"https:\/\/scharfstein.cl\/en\/wp-json\/wp\/v2\/posts\/11532","targetHints":{"allow":["GET"]}}],"collection":[{"href":"https:\/\/scharfstein.cl\/en\/wp-json\/wp\/v2\/posts"}],"about":[{"href":"https:\/\/scharfstein.cl\/en\/wp-json\/wp\/v2\/types\/post"}],"author":[{"embeddable":true,"href":"https:\/\/scharfstein.cl\/en\/wp-json\/wp\/v2\/users\/1"}],"replies":[{"embeddable":true,"href":"https:\/\/scharfstein.cl\/en\/wp-json\/wp\/v2\/comments?post=11532"}],"version-history":[{"count":2,"href":"https:\/\/scharfstein.cl\/en\/wp-json\/wp\/v2\/posts\/11532\/revisions"}],"predecessor-version":[{"id":15053,"href":"https:\/\/scharfstein.cl\/en\/wp-json\/wp\/v2\/posts\/11532\/revisions\/15053"}],"wp:featuredmedia":[{"embeddable":true,"href":"https:\/\/scharfstein.cl\/en\/wp-json\/wp\/v2\/media\/11533"}],"wp:attachment":[{"href":"https:\/\/scharfstein.cl\/en\/wp-json\/wp\/v2\/media?parent=11532"}],"wp:term":[{"taxonomy":"category","embeddable":true,"href":"https:\/\/scharfstein.cl\/en\/wp-json\/wp\/v2\/categories?post=11532"},{"taxonomy":"post_tag","embeddable":true,"href":"https:\/\/scharfstein.cl\/en\/wp-json\/wp\/v2\/tags?post=11532"}],"curies":[{"name":"wp","href":"https:\/\/api.w.org\/{rel}","templated":true}]}}